{"id":971,"date":"2024-03-28T23:38:20","date_gmt":"2024-03-28T22:38:20","guid":{"rendered":"https:\/\/cieldeguinee.net\/?p=971"},"modified":"2024-03-28T23:38:20","modified_gmt":"2024-03-28T22:38:20","slug":"a-monsieur-le-ministre-de-ladministration-du-territoire-et-de-la-decentration","status":"publish","type":"post","link":"https:\/\/cieldeguinee.net\/index.php\/a-monsieur-le-ministre-de-ladministration-du-territoire-et-de-la-decentration\/","title":{"rendered":"A Monsieur le Ministre de l\u2019Administration du  Territoire et de la d\u00e9centration"},"content":{"rendered":"<p align=\"CENTER\"><span style=\"font-family: Calibri Light, serif\"><span style=\"font-size: medium\"><b>LETTRE FERM\u00c9E <\/b><\/span><\/span><\/p>\n<p align=\"CENTER\"><span style=\"font-family: Calibri Light, serif\"><span style=\"font-size: medium\"><span lang=\"fr-FR\">\u00ab\u00a0<\/span><\/span><\/span><span style=\"font-family: Calibri Light, serif\"><span style=\"font-size: medium\"><b>Un Appel Citoyen vers une dynamique sociale constructive \u00e0 la base <\/b><\/span><\/span><span style=\"font-family: Calibri Light, serif\"><span style=\"font-size: medium\"><span lang=\"fr-FR\">\u00bb<\/span><\/span><\/span><\/p>\n<p align=\"CENTER\"><span style=\"color: #000000\">A <\/span><span style=\"color: #000000\"><span style=\"font-family: Calibri Light, serif\"><span style=\"font-size: medium\">Monsieur le Ministre de l\u2019Administration <\/span><\/span><\/span><span style=\"color: #000000\"><span style=\"font-family: Calibri Light, serif\"><span style=\"font-size: medium\">du <\/span><\/span><\/span><span style=\"font-size: medium;font-family: 'Calibri Light', serif;color: #000000\">Territoire et de la D\u00e9centralisation<\/span><\/p>\n<p><span style=\"font-family: Calibri Light, serif\"><span style=\"font-size: medium\">Monsieur le Ministre, <\/span><\/span><\/p>\n<p align=\"JUSTIFY\"><span style=\"font-family: Calibri Light, serif\"><span style=\"font-size: medium\">En vertu du code r\u00e9vis\u00e9 des collectivit\u00e9s locales en r\u00e9publique de Guin\u00e9e au sens de l\u2019organisation et de l\u2019administration t\u00e9rritotiale, le but de la d\u00e9centralisation et de la d\u00e9concentration <\/span><\/span><span style=\"font-family: Calibri Light, serif\"><span style=\"font-size: medium\"><b>vise \u00e0 promouvoir une gouvernance participative vers un d\u00e9veloppement local r\u00e9ussi \u00e0 la base. <\/b><\/span><\/span><\/p>\n<p align=\"JUSTIFY\"><span style=\"font-family: Calibri Light, serif\"><span style=\"font-size: medium\">De ce fait, par le principe de la <\/span><\/span><span style=\"font-family: Calibri Light, serif\"><span style=\"font-size: medium\"><b>d\u00e9centralisation, il<\/b><\/span><\/span><span style=\"font-family: Calibri Light, serif\"><span style=\"font-size: medium\"> est d\u2019une importance aujourd\u2019hui de <\/span><\/span><span style=\"font-family: Calibri Light, serif\"><span style=\"font-size: medium\"><b>notifier que les communes sont \u00e0 l\u2019agonie <\/b><\/span><\/span><span style=\"font-family: Calibri Light, serif\"><span style=\"font-size: medium\">au point que les populations peinent \u00e0 joindre les deux bouts, <\/span><\/span><span style=\"font-family: Calibri Light, serif\"><span style=\"font-size: medium\"><b>r\u00e9sultant sp\u00e9cifiquement du mauvais choix op\u00e9r\u00e9 par les acteurs politiques en termes de candidature<\/b><\/span><\/span><span style=\"font-family: Calibri Light, serif\"><span style=\"font-size: medium\"> lors du scrutin communal du 04 <\/span><\/span><span style=\"font-family: Calibri Light, serif\"><span style=\"font-size: medium\"><b>f\u00e9vrier<\/b><\/span><\/span><span style=\"font-family: Calibri Light, serif\"><span style=\"font-size: medium\"> 2018 dernier.<\/span><\/span><\/p>\n<p align=\"JUSTIFY\"><span style=\"font-family: Calibri Light, serif\"><span style=\"font-size: medium\">Toutefois, le mode de gouvernance locale tel qu&rsquo;il existe, se <\/span><\/span><span style=\"font-family: Calibri Light, serif\"><span style=\"font-size: medium\"><b>caract\u00e9rise<\/b><\/span><\/span><span style=\"font-family: Calibri Light, serif\"><span style=\"font-size: medium\"> par la <\/span><\/span><span style=\"font-family: Calibri Light, serif\"><span style=\"font-size: medium\"><b>frustration g\u00e9n\u00e9ralis\u00e9e des populations \u00e0 l\u2019endroit des \u00e9lus, de la corruption, du d\u00e9tournement des actifs, de dysfonctionnement politique, de l\u2019inaction et de l\u2019incomp\u00e9tence des ex\u00e9cutives communales au<\/b><\/span><\/span><span style=\"font-family: Calibri Light, serif\"><span style=\"font-size: medium\"> niveau de la <\/span><\/span><span style=\"font-family: Calibri Light, serif\"><span style=\"font-size: medium\"><b>quasi-totalit\u00e9<\/b><\/span><\/span><span style=\"font-family: Calibri Light, serif\"><span style=\"font-size: medium\"> des communes urbaines et rurales du pays. <\/span><\/span><\/p>\n<p align=\"JUSTIFY\"><span style=\"font-family: Calibri Light, serif\"><span style=\"font-size: medium\">Par cons\u00e9quent, sous <\/span><\/span><span style=\"font-family: Calibri Light, serif\"><span style=\"font-size: medium\"><b>un silence de restriction budg\u00e9taire et de confiscation des pr\u00e9rogatives d\u00e9volues<\/b><\/span><\/span><span style=\"font-family: Calibri Light, serif\"><span style=\"font-size: medium\">, <\/span><\/span><span style=\"font-family: Calibri Light, serif\"><span style=\"font-size: medium\"><b>aux communes par le pouvoir central<\/b><\/span><\/span><span style=\"font-family: Calibri Light, serif\"><span style=\"font-size: medium\">, ainsi que <\/span><\/span><span style=\"font-family: Calibri Light, serif\"><span style=\"font-size: medium\"><b>de l\u2019ing\u00e9rence de certains services d\u00e9concentr\u00e9s de la tutelle rapproch\u00e9e<\/b><\/span><\/span><span style=\"font-family: Calibri Light, serif\"><span style=\"font-size: medium\"> avec la complicit\u00e9 de nombreux Secr\u00e9taires g\u00e9n\u00e9raux, \u00e9lus et Maires, <\/span><\/span><span style=\"font-family: Calibri Light, serif\"><span style=\"font-size: medium\"><b>cette triste r\u00e9alit\u00e9 a freiner syst\u00e9matiquement toute perspective de d\u00e9veloppement social et \u00e9quilibr\u00e9 \u00e0 la base au courant des cinq (5) derni\u00e8res ann\u00e9es.<\/b><\/span><\/span><\/p>\n<p><span style=\"font-family: Calibri Light, serif\"><span style=\"font-size: medium\">Monsieur le Ministre, <\/span><\/span><\/p>\n<p align=\"JUSTIFY\"><span style=\"font-family: Calibri Light, serif\"><span style=\"font-size: medium\">Au regard du d\u00e9cret <\/span><\/span><span style=\"font-family: Calibri Light, serif\"><span style=\"font-size: medium\"><b>D\/2024\/ 0062\/PRG\/CNRD\/SGG portant dissolution des Conseils Communaux <\/b><\/span><\/span><span style=\"font-family: Calibri Light, serif\"><span style=\"font-size: medium\">en date du 27 Mars 2024 par le Pr\u00e9sident de la Transition, il <\/span><\/span><span style=\"font-family: Calibri Light, serif\"><span style=\"font-size: medium\"><b>est d\u2019une n\u00e9cessit\u00e9 imp\u00e9rieuse pour l\u2019Etat et la population de s&rsquo;engager ensemble vers une dynamique sociale constructive <\/b><\/span><\/span><span style=\"font-family: Calibri Light, serif\"><span style=\"font-size: medium\">qui saurait fortement contribuer \u00e0 l&rsquo;am\u00e9lioration des conditions de vie de base des couches vuln\u00e9rables \u00e0 tous les niveaux.<\/span><\/span><\/p>\n<p align=\"JUSTIFY\"><span style=\"font-family: Calibri Light, serif\"><span style=\"font-size: medium\">Certes, le chantier parait complexe au regard de <\/span><\/span><span style=\"font-family: Calibri Light, serif\"><span style=\"font-size: medium\"><b>l&rsquo;incivisme grandissant, de l&rsquo;absence de patriotisme et de la politisation \u00e0 outrance de nos soci\u00e9t\u00e9.<\/b><\/span><\/span><span style=\"font-family: Calibri Light, serif\"><span style=\"font-size: medium\"> Mais nous croyons \u00e0 la volont\u00e9 du Pr\u00e9sident du CNRD et de l\u2019engagement manifeste du peuple de Guin\u00e9e a oeuvrer pour le bien etre socio-\u00e9conomique durable du pays.<\/span><\/span><\/p>\n<p align=\"JUSTIFY\"><span style=\"font-family: Calibri Light, serif\"><span style=\"font-size: medium\">En ce sens, nous estimons que <\/span><\/span><span style=\"font-family: Calibri Light, serif\"><span style=\"font-size: medium\"><b>la r\u00e9ussite de la mission des d\u00e9l\u00e9gations sp\u00e9ciales doit concurir \u00e0 l\u2019atteinte des objectifs de la r\u00e9fondation, ainsi qu\u2019au renforcement du cadre l\u00e9gal et juridique de la d\u00e9centralisation<\/b><\/span><\/span><span style=\"font-family: Calibri Light, serif\"><span style=\"font-size: medium\"> par la mise en place d<\/span><\/span><span style=\"font-family: Calibri Light, serif\"><span style=\"font-size: medium\"><b>es m\u00e9canismes structurels ad\u00e9quats ax\u00e9s sur une gestion transparente de la finance locale, le mode de d\u00e9signation des \u00e9lus sur les listes de candidature et le choix du personnel administratif t\u00e9rritoria<\/b><\/span><\/span><span style=\"font-family: Calibri Light, serif\"><span style=\"font-size: medium\">l<\/span><\/span><span style=\"font-family: Calibri Light, serif\"><span style=\"font-size: medium\"><b> en terme de comp\u00e9tence<\/b><\/span><\/span><span style=\"font-family: Calibri Light, serif\"><span style=\"font-size: medium\">, ainsi que de <\/span><\/span><span style=\"font-family: Calibri Light, serif\"><span style=\"font-size: medium\"><b>l\u2019implication et la participation des populations<\/b><\/span><\/span><span style=\"font-family: Calibri Light, serif\"><span style=\"font-size: medium\"> a<\/span><\/span><span style=\"font-family: Calibri Light, serif\"><span style=\"font-size: medium\"><b>u sens de la r\u00e9dvabilit\u00e9 sociale<\/b><\/span><\/span><span style=\"font-family: Calibri Light, serif\"><span style=\"font-size: medium\">. <\/span><\/span><\/p>\n<p align=\"JUSTIFY\"><span style=\"font-family: Calibri Light, serif\"><span style=\"font-size: medium\">Monsieur le Ministre, ceci est un appel citoyen et nous osons croire que les jeunes et les femmes seront pr\u00e9sents et s\u2019engageront vers une participation plus active, responsable et repr\u00e9sentative au sein des d\u00e9l\u00e9gations sp\u00e9ciales<\/span><\/span><b> <\/b><span style=\"font-family: Calibri Light, serif\"><span style=\"font-size: medium\">partout \u00e0 travers le pays. <\/span><\/span><\/p>\n<p align=\"RIGHT\"><span style=\"font-family: Calibri Light, serif\"><span style=\"font-size: medium\"><span lang=\"fr-FR\">Par Fousseny KONE<\/span><\/span><\/span><\/p>\n<p align=\"RIGHT\"><span style=\"font-family: Calibri Light, serif\"><span style=\"font-size: medium\"><span lang=\"fr-FR\">Gestionnaire en Ressources Humaines<\/span><\/span><\/span><\/p>\n<p align=\"RIGHT\"><span style=\"font-family: Calibri Light, serif\"><span style=\"font-size: medium\"><span lang=\"fr-FR\">Maitrise en Ouvrage communale et Entreprenariat<\/span><\/span><\/span><\/p>\n<p align=\"RIGHT\"><span style=\"font-family: Calibri Light, serif\"><span style=\"font-size: medium\"><span lang=\"fr-FR\">Certification sur les questions de D\u00e9veloppement local<\/span><\/span><\/span><\/p>\n<p align=\"RIGHT\"><span style=\"font-family: Calibri Light, serif\"><span style=\"font-size: medium\"><span lang=\"fr-FR\">Email\u00a0 <\/span><\/span><\/span><a href=\"mailto:f.kone16@gmail.com\"><span style=\"font-family: Calibri Light, serif\"><span style=\"font-size: medium\"><span lang=\"fr-FR\">f.kone16@gmail.com<\/span><\/span><\/span><\/a><\/p>\n","protected":false},"excerpt":{"rendered":"<p>LETTRE FERM\u00c9E \u00ab\u00a0Un Appel Citoyen vers une dynamique sociale constructive \u00e0 la base \u00bb A Monsieur le Ministre de l\u2019Administration du Territoire et de la D\u00e9centralisation Monsieur le Ministre, En vertu du code r\u00e9vis\u00e9 des collectivit\u00e9s locales en r\u00e9publique de Guin\u00e9e au sens de l\u2019organisation et de l\u2019administration t\u00e9rritotiale, le but de la d\u00e9centralisation et [&hellip;]<\/p>\n","protected":false},"author":2,"featured_media":972,"comment_status":"closed","ping_status":"closed","sticky":false,"template":"","format":"standard","meta":{"footnotes":""},"categories":[3],"tags":[],"class_list":{"0":"post-971","1":"post","2":"type-post","3":"status-publish","4":"format-standard","5":"has-post-thumbnail","7":"category-politique"},"jetpack_featured_media_url":"https:\/\/cieldeguinee.net\/wp-content\/uploads\/2024\/03\/minka2.jpg","_links":{"self":[{"href":"https:\/\/cieldeguinee.net\/index.php\/wp-json\/wp\/v2\/posts\/971","targetHints":{"allow":["GET"]}}],"collection":[{"href":"https:\/\/cieldeguinee.net\/index.php\/wp-json\/wp\/v2\/posts"}],"about":[{"href":"https:\/\/cieldeguinee.net\/index.php\/wp-json\/wp\/v2\/types\/post"}],"author":[{"embeddable":true,"href":"https:\/\/cieldeguinee.net\/index.php\/wp-json\/wp\/v2\/users\/2"}],"replies":[{"embeddable":true,"href":"https:\/\/cieldeguinee.net\/index.php\/wp-json\/wp\/v2\/comments?post=971"}],"version-history":[{"count":0,"href":"https:\/\/cieldeguinee.net\/index.php\/wp-json\/wp\/v2\/posts\/971\/revisions"}],"wp:featuredmedia":[{"embeddable":true,"href":"https:\/\/cieldeguinee.net\/index.php\/wp-json\/wp\/v2\/media\/972"}],"wp:attachment":[{"href":"https:\/\/cieldeguinee.net\/index.php\/wp-json\/wp\/v2\/media?parent=971"}],"wp:term":[{"taxonomy":"category","embeddable":true,"href":"https:\/\/cieldeguinee.net\/index.php\/wp-json\/wp\/v2\/categories?post=971"},{"taxonomy":"post_tag","embeddable":true,"href":"https:\/\/cieldeguinee.net\/index.php\/wp-json\/wp\/v2\/tags?post=971"}],"curies":[{"name":"wp","href":"https:\/\/api.w.org\/{rel}","templated":true}]}}