{"id":974,"date":"2024-03-28T23:55:43","date_gmt":"2024-03-28T22:55:43","guid":{"rendered":"https:\/\/cieldeguinee.net\/?p=974"},"modified":"2024-03-28T23:55:43","modified_gmt":"2024-03-28T22:55:43","slug":"ministere-de-la-justice-situation-tendue-autour-de-la-passation-de-service-de-monsieur-alphonse-charles-wright-cedera-t-il","status":"publish","type":"post","link":"https:\/\/cieldeguinee.net\/index.php\/ministere-de-la-justice-situation-tendue-autour-de-la-passation-de-service-de-monsieur-alphonse-charles-wright-cedera-t-il\/","title":{"rendered":"Minist\u00e8re de la Justice : situation tendue autour de la passation de service de Monsieur Alphonse Charles Wright, c\u00e9dera-t-il ?"},"content":{"rendered":"<p>Quelques jours apr\u00e8s la passation de service, sous le volet protocolaire, entre le Garde des Sceaux, Ministre de la Justice et des Droits de l\u2019Homme entrant, Monsieur Yaya Kairaba KABA et le sortant, Monsieur Alphonse Charles WRIGHT, le vendredi 15 mars 2024, les volets administratif et financier de cette passation tardent alors qu\u2019en principe, ces situations devraient \u00eatre faites le m\u00eame jour pour \u00e9viter toute confusion dans la continuation du service public.<\/p>\n<p>Pourquoi le retard dans la signature du Proc\u00e8s-Verbal de passation de service sur les volets administratif et financier?<\/p>\n<p>Nous nous sommes int\u00e9ress\u00e9s \u00e0 cette question qui commence \u00e0 \u00eatre une v\u00e9ritable pr\u00e9occupation \u00e0 m\u00eame de cr\u00e9er une situation sans pr\u00e9c\u00e9dent sur les pratiques de passage de relais dans les d\u00e9partements minist\u00e9riels en R\u00e9publique de Guin\u00e9e.<br \/>\nSelon les sources bien introduites, la promesse de la signature du Proc\u00e8s Verbal de passation de service a \u00e9t\u00e9 faite au Garde des Sceaux sortant pour qui cet acte constitue un exercice r\u00e9publicain qui tire sa justification dans le respect du principe de redevabilit\u00e9 dans la gestion de la chose publique, principe si cher au Pr\u00e9sident de la R\u00e9publique, le G\u00e9n\u00e9ral Mamadi DOUMBOUYA.<\/p>\n<p>A en croire nos m\u00eames sources, depuis le vendredi 15 mars 2024, ce processus est bloqu\u00e9 sans raison officielle, alors que les accusations sont port\u00e9es par voie de presse contre celui qui avait engag\u00e9 les poursuites judiciaires \u00e0 l\u2019encontre des DAFF des d\u00e9partements minist\u00e9riels y compris celle qui assure les m\u00eames fonctions au sein de son propre d\u00e9partement.<\/p>\n<p>Faut-il rappeler que ces accusations sans fondement sont ni plus ni moins que des \u00e9lucubrations. De telles all\u00e9gations mensong\u00e8res sur la pr\u00e9tendue corruption et d\u00e9tournement de fonds autour de la r\u00e9novation et l\u2019extension de la maison centrale de Conakry, ont d\u2019ores et d\u00e9j\u00e0 \u00e9t\u00e9 battues en br\u00e8che et l\u2019auteur Mamoudou Babila Keita traduit devant la Haute Autorit\u00e9 de la Communication (HAC) \u00e0 en croire aux avocats de l\u2019ex-Ministre d\u2019Etat, ministre de la Justice et des Droits de l\u2019Homme.<\/p>\n<p>Il nous parait utile de faire observer que la passation de service est un rituel institutionnel bien ancr\u00e9 dans les traditions r\u00e9publicaines et dans les usages propres aux r\u00e8gles et principes au sein de l\u2019Administration publique. Dans l\u2019histoire de notre pays, la passation de service dans les d\u00e9partements minist\u00e9riels toujours \u00e9t\u00e9 ax\u00e9e sur la gestion administrative et financi\u00e8re entre le Ministre entrant et celui sortant pour une meilleure compr\u00e9hension de la gestion ant\u00e9rieure.<\/p>\n<p>A date, la situation reste bloqu\u00e9e et l\u2019opinion s\u2019interroge sur les raisons profondes de ce blocage qui entretient un climat de suspicion qui n\u2019a pas lieu d\u2019\u00eatre, surtout en cette p\u00e9riode de refondation et de rectification intentionnelle.<\/p>\n<p>Sur la foi des m\u00eames sources, le Proc\u00e8s Verbal de passation de service sanctionnant les volets administratif et financier de la gestion ant\u00e9rieure aurait d\u00fb \u00eatre \u00e9tabli et sign\u00e9 par les deux Ministres le jour m\u00eame de la passation de t\u00e9moin. Tout semble plausible, selon nos sources, que les documents y aff\u00e9rents n\u2019avaient pas \u00e9t\u00e9 pr\u00e9par\u00e9s en temps utile, alors que tous les \u00e9l\u00e9ments relatifs aux \u00e9tats financier et administratif sont disponibles. Car, \u00e0 la fin de chaque exercice budg\u00e9taire, les rapports financiers et administratifs sont transmis au minist\u00e8res comp\u00e9tents et archiv\u00e9s \u00e0 toutes fins utiles.<\/p>\n<p>Il ressort que cette d\u00e9marche n\u2019avait pas \u00e9t\u00e9 respect\u00e9e, toute chose qui a conduit le Garde des Sceaux sortant \u00e0 demander que la situation de sa gestion administrative et financi\u00e8re soit clarifi\u00e9e dans un Proc\u00e8s Verbal de passation dument \u00e9tabli \u00e0 cet effet. Sa demande tarde \u00e0 trouver une r\u00e9ponse satisfaisante aupr\u00e8s des autorit\u00e9s comp\u00e9tentes.<br \/>\nLass\u00e9 de cet immobilisme et de cette inertie qui ne sauraient se justifier au regard des principes propres \u00e0 la gestion administrative, le Garde des Sceaux sortant a pris soins de saisir officiellement par courrier, d\u00e8s le lundi 25 mars 2024, apr\u00e8s plusieurs d\u2019attente, le Ministre Secr\u00e9taire G\u00e9n\u00e9ral du Gouvernement, avec une ampliation faite \u00e0 Monsieur le Pr\u00e9sident de la R\u00e9publique, le G\u00e9n\u00e9ral Mamadi DOUMBOUYA, qui n\u2019est pas au courant de cette situation, pour information.<\/p>\n<p>La m\u00eame ampliation a \u00e9t\u00e9 faite, entre autres, \u00e0 Monsieur Djiba DIAKITE, Ministre Directeur de Cabinet \u00e0 la Pr\u00e9sidence de la R\u00e9publique en d\u00e9pit du fait qu\u2019il a \u00e9t\u00e9 au courant de cette situation.<\/p>\n<p>L\u2019ancien Garde des Sceaux, a \u00e9t\u00e9 surpris le lendemain, soit le mardi 26 mars 2024 de la transmission non officielle d\u2019un Proc\u00e8s Verbal de passation qui n\u2019ob\u00e9it \u00e0 aucune formalit\u00e9 administrative, financi\u00e8re et juridique \u00e0 son domicile par deux \u00e9missaires du Minist\u00e8re de la Justice et des droits de l\u2019Homme.<\/p>\n<p>Or, dans son courrier en date du 25 mars 2024, il avait instamment rappel\u00e9, apr\u00e8s une semaine d\u2019attente infructueuse, le respect du principe de la transparence et de la redevabilit\u00e9, conform\u00e9ment \u00e0 la vision de son Chef, le Pr\u00e9sident de la R\u00e9publique, le G\u00e9n\u00e9ral Mamadi DOUMBOUYA, la clarification autour des points suivants :<br \/>\n-Les d\u00e9penses engag\u00e9es personnellement sous sa signature dans le cadre des volets fonctionnement, investissement et en personnel ;<br \/>\n-Les d\u00e9penses engag\u00e9es par d\u00e9l\u00e9gation de signature pendant ses p\u00e9riodes d\u2019absence pour raison de maladie et de missions officielles par sa Secr\u00e9taire G\u00e9n\u00e9rale et sa Charg\u00e9e des Affaires Financi\u00e8res et Administratives ;<br \/>\n-Enfin, les autres d\u00e9penses engag\u00e9es par ces derni\u00e8res pendant la p\u00e9riode int\u00e9rimaire cons\u00e9cutive \u00e0 la dissolution du gouvernement.<\/p>\n<p>Au lieu de proc\u00e9der \u00e0 la clarification de sa gestion ant\u00e9rieure, le Proc\u00e8s Verbal soumis \u00e0 sa signature par les deux \u00e9missaires pr\u00e9cit\u00e9s, ne fait allusion \u00e0 aucun \u00e9l\u00e9ment relatif \u00e0 sa gestion ant\u00e9rieure(volet administratif et financier), d\u2019o\u00f9 la question suivante :<br \/>\nPourquoi a-t-on volontairement occult\u00e9 sa gestion depuis sa prise de fonction \u00e0 la t\u00eate du D\u00e9partement de la Justice et des Droits de l\u2019Homme le 12 juillet 2022 jusqu\u2019\u00e0 la dissolution du gouvernement intervenue le 18 f\u00e9vrier 2024?<\/p>\n<p>Ce Proc\u00e8s Verbal s\u2019est born\u00e9 \u00e0 reprendre la structure administrative du d\u00e9partement, chose qui n\u2019a rien \u00e0 avoir avec la question de la passation de service (\u00e9l\u00e9ment purement organique et institutionnel).<br \/>\nD\u2019autres questions plus l\u00e9gitimes interpellent l\u2019opinion publique nationale et internationale \u00e0 savoir :<br \/>\nPourquoi le service en charge des questions financi\u00e8res n\u2019a pas daign\u00e9 mettre dans le Proc\u00e8s Verbal de passation de service la situation financi\u00e8re engag\u00e9e par la Secr\u00e9taire G\u00e9n\u00e9rale du minist\u00e8re de la Justice et la DAFF pendant la p\u00e9riode de d\u00e9l\u00e9gation de signature ?<br \/>\nPourquoi tant de r\u00e9ticence sur la clarification des d\u00e9penses engag\u00e9es pendant la p\u00e9riode int\u00e9rimaire cons\u00e9cutive \u00e0 la dissolution du gouvernement ?<\/p>\n<p>A ce stade pr\u00e9cis, nous sommes en droit de nous interroger : s\u2019agit-il d\u2019un cas d\u2019incomp\u00e9tence av\u00e9r\u00e9e ou d\u2019un plan machiav\u00e9lique en cours de pr\u00e9paration ?<br \/>\nPlus grave, en lieu et place de l\u2019\u00e9tat des lieux sur la gestion administrative et financi\u00e8re du ministre sortant, il lui est propos\u00e9 la signature sur l\u2019ex\u00e9cution du budget 2024 qui est d\u00e9j\u00e0 en cours o\u00f9 il n\u2019a ordonn\u00e9 aucune d\u00e9pense. D\u2019ailleurs, ce budget 2024 ne fait pas partie de la gestion ant\u00e9rieure de Monsieur Charles WRIGHT d\u2019o\u00f9 le refus de ce dernier de signer un Proc\u00e8s Verbal qui n\u2019a rien \u00e0 avoir avec sa gestion ant\u00e9rieure et r\u00e9clame avec persistance, la transparence sur l\u2019\u00e9tat des lieux de sa gestion financi\u00e8re et administrative.<br \/>\nL\u2019argument selon lequel, le canevas indiqu\u00e9 par le Secr\u00e9tariat G\u00e9n\u00e9ral du gouvernement qui ne fait d\u2019ailleurs pas allusion \u00e0 la p\u00e9riode de gestion ant\u00e9rieure, rel\u00e8ve de la pure aberration.<\/p>\n<p>Cette d\u00e9marche dict\u00e9e et soumise \u00e0 la signature du Garde des Sceaux comme un contrat d\u2019adh\u00e9sion, va-t-elle prosp\u00e9rer ?<br \/>\nLe Proc\u00e8s Verbal de passation de service sera-t-il sign\u00e9 par monsieur Alphonse Charles WRIGHT sans l\u2019\u00e9tat des lieux sur les volets administratif et financier comme l\u2019exige le principe en la mati\u00e8re ?<\/p>\n<p>Le ministre sortant qui, en toute responsabilit\u00e9 et au nom de la redevabilit\u00e9, a rejet\u00e9 la signature du proc\u00e8s-verbal de passation de service sans le respect du principe de clarification de sa gestion administrative et financi\u00e8re, acceptera-t-il une d\u00e9marche vici\u00e9e?<br \/>\nC\u00e8dera-t-il sans le respect des formalit\u00e9s que doit rev\u00eatir un proc\u00e8s-verbal de passation de service?<\/p>\n<p>Affaire \u00e0 suivre\u2026<\/p>\n<p>Dossier d&rsquo;enqu\u00eate.<\/p>\n<p>K\u00e9l\u00e9tigui Rabah Camara<\/p>\n","protected":false},"excerpt":{"rendered":"<p>Quelques jours apr\u00e8s la passation de service, sous le volet protocolaire, entre le Garde des Sceaux, Ministre de la Justice et des Droits de l\u2019Homme entrant, Monsieur Yaya Kairaba KABA et le sortant, Monsieur Alphonse Charles WRIGHT, le vendredi 15 mars 2024, les volets administratif et financier de cette passation tardent alors qu\u2019en principe, ces [&hellip;]<\/p>\n","protected":false},"author":2,"featured_media":975,"comment_status":"closed","ping_status":"closed","sticky":false,"template":"","format":"standard","meta":{"footnotes":""},"categories":[3],"tags":[],"class_list":{"0":"post-974","1":"post","2":"type-post","3":"status-publish","4":"format-standard","5":"has-post-thumbnail","7":"category-politique"},"jetpack_featured_media_url":"https:\/\/cieldeguinee.net\/wp-content\/uploads\/2024\/03\/charles-wrigth.jpg","_links":{"self":[{"href":"https:\/\/cieldeguinee.net\/index.php\/wp-json\/wp\/v2\/posts\/974","targetHints":{"allow":["GET"]}}],"collection":[{"href":"https:\/\/cieldeguinee.net\/index.php\/wp-json\/wp\/v2\/posts"}],"about":[{"href":"https:\/\/cieldeguinee.net\/index.php\/wp-json\/wp\/v2\/types\/post"}],"author":[{"embeddable":true,"href":"https:\/\/cieldeguinee.net\/index.php\/wp-json\/wp\/v2\/users\/2"}],"replies":[{"embeddable":true,"href":"https:\/\/cieldeguinee.net\/index.php\/wp-json\/wp\/v2\/comments?post=974"}],"version-history":[{"count":0,"href":"https:\/\/cieldeguinee.net\/index.php\/wp-json\/wp\/v2\/posts\/974\/revisions"}],"wp:featuredmedia":[{"embeddable":true,"href":"https:\/\/cieldeguinee.net\/index.php\/wp-json\/wp\/v2\/media\/975"}],"wp:attachment":[{"href":"https:\/\/cieldeguinee.net\/index.php\/wp-json\/wp\/v2\/media?parent=974"}],"wp:term":[{"taxonomy":"category","embeddable":true,"href":"https:\/\/cieldeguinee.net\/index.php\/wp-json\/wp\/v2\/categories?post=974"},{"taxonomy":"post_tag","embeddable":true,"href":"https:\/\/cieldeguinee.net\/index.php\/wp-json\/wp\/v2\/tags?post=974"}],"curies":[{"name":"wp","href":"https:\/\/api.w.org\/{rel}","templated":true}]}}