{"id":979,"date":"2024-03-29T17:04:39","date_gmt":"2024-03-29T16:04:39","guid":{"rendered":"https:\/\/cieldeguinee.net\/?p=979"},"modified":"2024-03-29T17:04:39","modified_gmt":"2024-03-29T16:04:39","slug":"guinee-dissolution-des-conseils-communaux-le-point-de-vue-de-badra-kone","status":"publish","type":"post","link":"https:\/\/cieldeguinee.net\/index.php\/guinee-dissolution-des-conseils-communaux-le-point-de-vue-de-badra-kone\/","title":{"rendered":"Guin\u00e9e\/Dissolution des conseils communaux: le point de vue de Badra Kon\u00e9&#8230; !"},"content":{"rendered":"<p>En tant qu\u2019ancien 1er adjoint au maire de Matam, je suis profond\u00e9ment investi dans les questions li\u00e9es \u00e0 la gouvernance locale et \u00e0 la d\u00e9mocratie. La r\u00e9cente dissolution des conseils communaux par le CNRD a suscit\u00e9 des r\u00e9actions mitig\u00e9es au sein de la soci\u00e9t\u00e9 guin\u00e9enne. En tant qu\u2019observateur attentif de la situation, je tiens \u00e0 exprimer mon point de vue sur cette question cruciale. Tout d\u2019abord, il est important de reconna\u00eetre que la dissolution des conseils communaux ne peut \u00eatre assimil\u00e9e \u00e0 un \u00ab\u00a0second putsch\u00a0\u00bb ou \u00e0 un acte de \u00ab\u00a0terreur\u00a0\u00bb de la part des autorit\u00e9s de transition. Au contraire, cette d\u00e9cision pourrait \u00eatre interpr\u00e9t\u00e9e comme une mesure visant \u00e0 r\u00e9organiser et \u00e0 assainir le paysage politique local. Des pr\u00e9occupations l\u00e9gitimes concernant la gestion et la repr\u00e9sentativit\u00e9 de ces organes ont \u00e9t\u00e9 soulev\u00e9es, et il est dans l\u2019int\u00e9r\u00eat de tous de chercher des solutions constructives \u00e0 ces probl\u00e8mes.<\/p>\n<p>Les autorit\u00e9s de la transition ont peut-\u00eatre pris cette d\u00e9cision dans le but de rem\u00e9dier \u00e0 des dysfonctionnements ou \u00e0 des probl\u00e8mes de gouvernance au sein des conseils communaux. Leur intention pourrait \u00eatre de garantir une meilleure gestion des affaires locales et une repr\u00e9sentation plus efficace des int\u00e9r\u00eats des citoyens, plut\u00f4t que de chercher \u00e0 s\u2019accrocher au pouvoir de mani\u00e8re autoritaire. Il est \u00e9galement essentiel de rappeler que les mandats politiques doivent \u00eatre exerc\u00e9s dans le respect des principes d\u00e9mocratiques et de l\u2019\u00c9tat de droit. Si des irr\u00e9gularit\u00e9s ou des manquements ont \u00e9t\u00e9 constat\u00e9s au sein des conseils communaux, il est l\u00e9gitime pour les autorit\u00e9s de transition de prendre des mesures pour y rem\u00e9dier, conform\u00e9ment aux lois et aux proc\u00e9dures \u00e9tablies.<\/p>\n<p>Enfin, je tiens \u00e0 souligner l\u2019importance du dialogue et de la coop\u00e9ration entre toutes les parties prenantes pour trouver des solutions consensuelles aux d\u00e9fis auxquels la Guin\u00e9e est confront\u00e9e. Accuser les autorit\u00e9s de transition de motivations \u00e9go\u00efstes ou autoritaires sans consid\u00e9rer les raisons qui ont motiv\u00e9 leurs actions peut contribuer \u00e0 polariser davantage le d\u00e9bat politique et \u00e0 compromettre les efforts de stabilisation et de reconstruction du pays.<\/p>\n<p>En conclusion, je lance un appel \u00e0 la raison et \u00e0 la responsabilit\u00e9 de chacun. Ensemble, nous pouvons surmonter les d\u00e9fis actuels et \u0153uvrer pour un avenir meilleur pour notre cher pays, la Guin\u00e9e.<\/p>\n<p>Badra Kon\u00e9, leader de la NGP, ancien vice-maire de Matam<\/p>\n","protected":false},"excerpt":{"rendered":"<p>En tant qu\u2019ancien 1er adjoint au maire de Matam, je suis profond\u00e9ment investi dans les questions li\u00e9es \u00e0 la gouvernance locale et \u00e0 la d\u00e9mocratie. La r\u00e9cente dissolution des conseils communaux par le CNRD a suscit\u00e9 des r\u00e9actions mitig\u00e9es au sein de la soci\u00e9t\u00e9 guin\u00e9enne. En tant qu\u2019observateur attentif de la situation, je tiens \u00e0 [&hellip;]<\/p>\n","protected":false},"author":2,"featured_media":980,"comment_status":"closed","ping_status":"closed","sticky":false,"template":"","format":"standard","meta":{"footnotes":""},"categories":[3],"tags":[],"class_list":{"0":"post-979","1":"post","2":"type-post","3":"status-publish","4":"format-standard","5":"has-post-thumbnail","7":"category-politique"},"jetpack_featured_media_url":"https:\/\/cieldeguinee.net\/wp-content\/uploads\/2024\/03\/badra_kone2.jpg","_links":{"self":[{"href":"https:\/\/cieldeguinee.net\/index.php\/wp-json\/wp\/v2\/posts\/979","targetHints":{"allow":["GET"]}}],"collection":[{"href":"https:\/\/cieldeguinee.net\/index.php\/wp-json\/wp\/v2\/posts"}],"about":[{"href":"https:\/\/cieldeguinee.net\/index.php\/wp-json\/wp\/v2\/types\/post"}],"author":[{"embeddable":true,"href":"https:\/\/cieldeguinee.net\/index.php\/wp-json\/wp\/v2\/users\/2"}],"replies":[{"embeddable":true,"href":"https:\/\/cieldeguinee.net\/index.php\/wp-json\/wp\/v2\/comments?post=979"}],"version-history":[{"count":0,"href":"https:\/\/cieldeguinee.net\/index.php\/wp-json\/wp\/v2\/posts\/979\/revisions"}],"wp:featuredmedia":[{"embeddable":true,"href":"https:\/\/cieldeguinee.net\/index.php\/wp-json\/wp\/v2\/media\/980"}],"wp:attachment":[{"href":"https:\/\/cieldeguinee.net\/index.php\/wp-json\/wp\/v2\/media?parent=979"}],"wp:term":[{"taxonomy":"category","embeddable":true,"href":"https:\/\/cieldeguinee.net\/index.php\/wp-json\/wp\/v2\/categories?post=979"},{"taxonomy":"post_tag","embeddable":true,"href":"https:\/\/cieldeguinee.net\/index.php\/wp-json\/wp\/v2\/tags?post=979"}],"curies":[{"name":"wp","href":"https:\/\/api.w.org\/{rel}","templated":true}]}}